{"id":6384,"date":"2019-11-07T09:11:57","date_gmt":"2019-11-07T09:11:57","guid":{"rendered":"http:\/\/ktbb.org\/v1\/?p=6384"},"modified":"2019-11-07T09:11:58","modified_gmt":"2019-11-07T09:11:58","slug":"cakmak-ve-direncay-kitaplarini-sadikogluna-takdim-ettiler","status":"publish","type":"post","link":"https:\/\/ktbb.org\/v1\/cakmak-ve-direncay-kitaplarini-sadikogluna-takdim-ettiler\/","title":{"rendered":"\u00c7akmak ve Diren\u00e7ay kitaplar\u0131n\u0131 Sad\u0131ko\u011flu&#8217;na takdim ettiler"},"content":{"rendered":"\n<p>K\u0131br\u0131sl\u0131\nYazarlar Hasan \u00c7akmak ile Levent Diren\u00e7ay, \u0130skele Belediye Ba\u015fkan\u0131 Hasan\nSad\u0131ko\u011flu\u2019nu ziyaret ettiler.&nbsp; Ziyarette,\n\u00c7akmak \u2018Yol\u2019, Diren\u00e7ay ise \u2018Kendimle Dans\u2019 isimli kitaplar\u0131n\u0131 Ba\u015fkan\nSad\u0131ko\u011flu\u2019na takdim ettiler. <\/p>\n\n\n\n<p><strong>\u00c7AKMAK \u201cYOL\u201d\n\u0130S\u0130ML\u0130 K\u0130TABINI TAKD\u0130M ETT\u0130 <\/strong><\/p>\n\n\n\n<p>Gazeteci\nYazar Hasan \u00c7akmak, Kuzey K\u0131br\u0131s\u2019la birlikte 10 \u00fclkede okuyucuyla bulu\u015fan 16.\nKitab\u0131 \u2018Yol\u2019u \u0130skele Belediye Ba\u015fkan\u0131 Hasan Sad\u0131ko\u011flu\u2019na takdim etti.&nbsp; Seyahatname t\u00fcr\u00fcnde kaleme al\u0131nan ve 224\nsayfadan olu\u015fan kitab\u0131 hakk\u0131nda Ba\u015fkan Sad\u0131ko\u011flu\u2019na bilgi veren \u00c7akmak,\nkitab\u0131n\u0131 \u2018d\u00fcnyay\u0131 dola\u015farak k\u00fclt\u00fcr i\u00e7in m\u00fccadele eden insanlara\u201d arma\u011fan\netti\u011fini hat\u0131rlatt\u0131. <\/p>\n\n\n\n<p><strong>D\u0130REN\u00c7AY \u201cKEND\u0130MLE\nDANS\u201dI TAKD\u0130M ETT\u0130 <\/strong><\/p>\n\n\n\n<p><strong>K\u0130TAPTEN ELDE\nED\u0130LEN GEL\u0130R \u0130K\u0130 AYRI NOKTAYA BA\u011eI\u015eLANIYOR<\/strong><\/p>\n\n\n\n<p>Yazar\nLevent Diren\u00e7ay da ziyarette, Cumhurba\u015fkanl\u0131\u011f\u0131 himayelerinde haz\u0131rlanan ve\ngeliri Kemal Sara\u00e7o\u011flu L\u00f6semili \u00c7ocuklar ve Kanserle Sava\u015f Vakf\u0131&#8217;na ba\u011f\u0131\u015flanan\nayn\u0131 zamanda 5. kitab\u0131 olan &#8220;Kendimle Dans&#8221; isimli kitab\u0131n\u0131 takdim\netti.&nbsp; Kendisi de bir d\u00f6nem kanser\nhastal\u0131\u011f\u0131yla m\u00fccadele ettikten sonra sa\u011fl\u0131\u011f\u0131na kavu\u015fan Diren\u00e7ay, kitab\u0131nda\nherkese umut olacak, yol g\u00f6sterici bilgilere yer veriyor. Bir sosyal sorumluluk\nprojesi olan \u201cKendimle Dans\u201d\u0131n sat\u0131\u015f\u0131ndan elde edilen gelir, Kemal Sara\u00e7o\u011flu\nL\u00f6semili \u00c7ocuklar ve Kanserle Sava\u015f Vakf\u0131\u2019na ba\u011f\u0131\u015flan\u0131yor. <\/p>\n\n\n\n<p><strong>SADIKO\u011eLU:&nbsp; \u201cOKUMA ALI\u015eKANLI\u011eI ARTIRILMALI\u201d<\/strong><\/p>\n\n\n\n<p>Kabulde\nkonu\u015fan ve k\u00fclt\u00fcr-sanat\u0131n \u00f6nemine dikkat \u00e7eken \u0130skele Belediye Ba\u015fkan\u0131 Hasan\nSad\u0131ko\u011flu, \u0130skele Belediyesi\u2019nin bu konuda bir\u00e7ok etkinli\u011fi oldu\u011funu, \u0130skele ve\nk\u00f6ylerinde ya\u015fayan vatanda\u015flar\u0131 bu etkinliklerde bir araya getirdi\u011fini\ns\u00f6yledi.&nbsp; Okuma al\u0131\u015fkanl\u0131\u011f\u0131n\u0131n KKTC\u2019de\nartt\u0131r\u0131lmas\u0131 gerekti\u011fine de dikkat \u00e7eken Ba\u015fkan Sad\u0131ko\u011flu,&nbsp; K\u0131br\u0131sl\u0131 T\u00fcrk yazarlar\u0131n ziyaretinden duydu\u011fu\nmemnuniyeti dile getirdi ve her iki kitab\u0131n da kendi alan\u0131nda \u00f6nemli bilgiler\nbar\u0131nd\u0131rd\u0131\u011f\u0131n\u0131 ifade ederek \u00c7akmak ve Diren\u00e7ay\u2019a ba\u015far\u0131lar diledi. <\/p>\n\n\n\n<p><strong>K\u00dcLT\u00dcR EV\u0130\u2019N\u0130\nGEZD\u0130LER<\/strong><\/p>\n\n\n\n<p>Hasan\n\u00c7akmak ile Levent Diren\u00e7ay, \u0130skele Belediye Ba\u015fkan\u0131 Hasan Sad\u0131ko\u011flu\u2019nu\nziyaretlerinin ard\u0131ndan \u0130skele Belediyesi K\u00fclt\u00fcr Evi\u2019ni gezdiler.&nbsp; Yazarlar, \u00f6zelde \u0130skele genelde KKTC\nk\u00fclt\u00fcr\u00fcne \u0131\u015f\u0131k tutan K\u00fclt\u00fcr Evi\u2019nin her bir ayr\u0131nt\u0131s\u0131n\u0131 dikkatle\nincelediler.&nbsp; <\/p>\n","protected":false},"excerpt":{"rendered":"<p>K\u0131br\u0131sl\u0131 Yazarlar Hasan \u00c7akmak ile Levent Diren\u00e7ay, \u0130skele Belediye Ba\u015fkan\u0131 [&hellip;]<\/p>\n","protected":false},"author":9,"featured_media":6385,"comment_status":"open","ping_status":"closed","sticky":false,"template":"","format":"standard","meta":{"footnotes":""},"categories":[9],"tags":[],"class_list":["post-6384","post","type-post","status-publish","format-standard","has-post-thumbnail","hentry","category-uyelerimizin-haberleri"],"_links":{"self":[{"href":"https:\/\/ktbb.org\/v1\/wp-json\/wp\/v2\/posts\/6384","targetHints":{"allow":["GET"]}}],"collection":[{"href":"https:\/\/ktbb.org\/v1\/wp-json\/wp\/v2\/posts"}],"about":[{"href":"https:\/\/ktbb.org\/v1\/wp-json\/wp\/v2\/types\/post"}],"author":[{"embeddable":true,"href":"https:\/\/ktbb.org\/v1\/wp-json\/wp\/v2\/users\/9"}],"replies":[{"embeddable":true,"href":"https:\/\/ktbb.org\/v1\/wp-json\/wp\/v2\/comments?post=6384"}],"version-history":[{"count":1,"href":"https:\/\/ktbb.org\/v1\/wp-json\/wp\/v2\/posts\/6384\/revisions"}],"predecessor-version":[{"id":6386,"href":"https:\/\/ktbb.org\/v1\/wp-json\/wp\/v2\/posts\/6384\/revisions\/6386"}],"wp:featuredmedia":[{"embeddable":true,"href":"https:\/\/ktbb.org\/v1\/wp-json\/wp\/v2\/media\/6385"}],"wp:attachment":[{"href":"https:\/\/ktbb.org\/v1\/wp-json\/wp\/v2\/media?parent=6384"}],"wp:term":[{"taxonomy":"category","embeddable":true,"href":"https:\/\/ktbb.org\/v1\/wp-json\/wp\/v2\/categories?post=6384"},{"taxonomy":"post_tag","embeddable":true,"href":"https:\/\/ktbb.org\/v1\/wp-json\/wp\/v2\/tags?post=6384"}],"curies":[{"name":"wp","href":"https:\/\/api.w.org\/{rel}","templated":true}]}}