{"id":6388,"date":"2019-11-07T11:08:32","date_gmt":"2019-11-07T11:08:32","guid":{"rendered":"http:\/\/ktbb.org\/v1\/?p=6388"},"modified":"2019-11-07T11:08:33","modified_gmt":"2019-11-07T11:08:33","slug":"girne-belediyesinden-duyuru-2","status":"publish","type":"post","link":"https:\/\/ktbb.org\/v1\/girne-belediyesinden-duyuru-2\/","title":{"rendered":"Girne Belediyesi&#8217;nden duyuru"},"content":{"rendered":"\n<p>Girne Belediyesi&#8217;ne ait Kervansaray Halk Plaj\u0131 ve Karao\u011flano\u011flu (Antis) Halk Plaj\u0131\u2019nda, deniz sezonu kapand\u0131. \u0130ki plajda du\u015f, tuvalet, kafeterya ve cankurtaran hizmeti verilemeceyecek. Kervansaray Halk Plaj\u0131 ve Karao\u011flano\u011flu (Antis) Halk Plaj\u0131\u2019nda deniz sezonu a\u00e7\u0131lana kadar cankurtaran bulunmayaca\u011f\u0131n\u0131 kamuoyunun bilgisine getirir, denize girmek isteyenlerin cankurtaran olmamas\u0131ndan dolay\u0131 dikkat etmesi gerekti\u011fi \u00f6nemle duyurulur.<\/p>\n","protected":false},"excerpt":{"rendered":"<p>Girne Belediyesi&#8217;ne ait Kervansaray Halk Plaj\u0131 ve Karao\u011flano\u011flu (Antis) Halk [&hellip;]<\/p>\n","protected":false},"author":9,"featured_media":6391,"comment_status":"open","ping_status":"closed","sticky":false,"template":"","format":"standard","meta":{"footnotes":""},"categories":[9],"tags":[],"class_list":["post-6388","post","type-post","status-publish","format-standard","has-post-thumbnail","hentry","category-uyelerimizin-haberleri"],"_links":{"self":[{"href":"https:\/\/ktbb.org\/v1\/wp-json\/wp\/v2\/posts\/6388","targetHints":{"allow":["GET"]}}],"collection":[{"href":"https:\/\/ktbb.org\/v1\/wp-json\/wp\/v2\/posts"}],"about":[{"href":"https:\/\/ktbb.org\/v1\/wp-json\/wp\/v2\/types\/post"}],"author":[{"embeddable":true,"href":"https:\/\/ktbb.org\/v1\/wp-json\/wp\/v2\/users\/9"}],"replies":[{"embeddable":true,"href":"https:\/\/ktbb.org\/v1\/wp-json\/wp\/v2\/comments?post=6388"}],"version-history":[{"count":1,"href":"https:\/\/ktbb.org\/v1\/wp-json\/wp\/v2\/posts\/6388\/revisions"}],"predecessor-version":[{"id":6392,"href":"https:\/\/ktbb.org\/v1\/wp-json\/wp\/v2\/posts\/6388\/revisions\/6392"}],"wp:featuredmedia":[{"embeddable":true,"href":"https:\/\/ktbb.org\/v1\/wp-json\/wp\/v2\/media\/6391"}],"wp:attachment":[{"href":"https:\/\/ktbb.org\/v1\/wp-json\/wp\/v2\/media?parent=6388"}],"wp:term":[{"taxonomy":"category","embeddable":true,"href":"https:\/\/ktbb.org\/v1\/wp-json\/wp\/v2\/categories?post=6388"},{"taxonomy":"post_tag","embeddable":true,"href":"https:\/\/ktbb.org\/v1\/wp-json\/wp\/v2\/tags?post=6388"}],"curies":[{"name":"wp","href":"https:\/\/api.w.org\/{rel}","templated":true}]}}