{"id":6559,"date":"2019-11-23T10:29:11","date_gmt":"2019-11-23T10:29:11","guid":{"rendered":"http:\/\/ktbb.org\/v1\/?p=6559"},"modified":"2019-11-23T10:29:12","modified_gmt":"2019-11-23T10:29:12","slug":"ozcinar-24-kasim-ogretmenler-gununu-kutladi","status":"publish","type":"post","link":"https:\/\/ktbb.org\/v1\/ozcinar-24-kasim-ogretmenler-gununu-kutladi\/","title":{"rendered":"\u00d6z\u00e7\u0131nar, 24 Kas\u0131m \u00d6\u011fretmenler G\u00fcn\u00fc&#8217;n\u00fc kutlad\u0131"},"content":{"rendered":"\n<p>K. T. Belediyeler Birli\u011fi ve G\u00fczelyurt Belediye Ba\u015fkan\u0131 Mahmut \u00d6z\u00e7\u0131nar 24 Kas\u0131m \u00d6\u011fretmenler G\u00fcn\u00fc dolay\u0131s\u0131yla mesaj yay\u0131mlad\u0131. <\/p>\n\n\n\n<p>\u00d6z\u00e7\u0131nar&#8217;\u0131n mesaj\u0131 \u015f\u00f6yle:<\/p>\n\n\n\n<p>T\u00fcrkiye Cumhuriyeti\u2019nin kurucusu Ulu \u00d6nder Mustafa Kemal Atat\u00fcrk\u2019e Ba\u015f\u00f6\u011fretmenlik unvan\u0131n\u0131n verildi\u011fi 24 Kas\u0131m tarihi, \u00d6\u011fretmenler G\u00fcn\u00fc olarak kutlanmaktad\u0131r.<br>Ayd\u0131nl\u0131k yar\u0131nlar\u0131n mimarlar\u0131, d\u00fcnden bug\u00fcne her \u00e7ocu\u011fun hayat\u0131na dokunan \u00f6\u011fretmenlerimiz, toplumlar\u0131n geli\u015fmesinde \u00e7ok de\u011ferli katk\u0131lar sa\u011flamaktad\u0131r.<br>\u00d6\u011fretmenlerimiz, ailesine, topluma ve \u00fclkesine yararl\u0131 nesiller kazand\u0131rmak i\u00e7in, fedakarl\u0131kla,  b\u00fcy\u00fck emekler harcay\u0131p, sab\u0131r ve ho\u015fg\u00f6r\u00fc ile gen\u00e7lerimizi gelece\u011fe haz\u0131rlamaktad\u0131rlar.<br>Bu \u00f6zel g\u00fcn vesilesiyle, ba\u015fta Ba\u015f\u00f6\u011fretmen Atat\u00fcrk olmak \u00fczere, sonsuzlu\u011fa g\u00f6\u00e7en t\u00fcm  \u00f6\u011fretmenlerimizi rahmetle anarken, bu kutsal mesle\u011fi ifa eden t\u00fcm \u00f6\u011fretmenlerimizi sevgi ve  sayg\u0131 ile selamlar, 24 Kas\u0131m \u00d6\u011fretmenler G\u00fcn\u00fc\u2019n\u00fc en kalbi duygular\u0131mla kutlar\u0131m.<\/p>\n","protected":false},"excerpt":{"rendered":"<p>K. T. Belediyeler Birli\u011fi ve G\u00fczelyurt Belediye Ba\u015fkan\u0131 Mahmut \u00d6z\u00e7\u0131nar [&hellip;]<\/p>\n","protected":false},"author":9,"featured_media":4478,"comment_status":"open","ping_status":"closed","sticky":false,"template":"","format":"standard","meta":{"footnotes":""},"categories":[1],"tags":[],"class_list":["post-6559","post","type-post","status-publish","format-standard","has-post-thumbnail","hentry","category-birlikten-haberler"],"_links":{"self":[{"href":"https:\/\/ktbb.org\/v1\/wp-json\/wp\/v2\/posts\/6559","targetHints":{"allow":["GET"]}}],"collection":[{"href":"https:\/\/ktbb.org\/v1\/wp-json\/wp\/v2\/posts"}],"about":[{"href":"https:\/\/ktbb.org\/v1\/wp-json\/wp\/v2\/types\/post"}],"author":[{"embeddable":true,"href":"https:\/\/ktbb.org\/v1\/wp-json\/wp\/v2\/users\/9"}],"replies":[{"embeddable":true,"href":"https:\/\/ktbb.org\/v1\/wp-json\/wp\/v2\/comments?post=6559"}],"version-history":[{"count":1,"href":"https:\/\/ktbb.org\/v1\/wp-json\/wp\/v2\/posts\/6559\/revisions"}],"predecessor-version":[{"id":6560,"href":"https:\/\/ktbb.org\/v1\/wp-json\/wp\/v2\/posts\/6559\/revisions\/6560"}],"wp:featuredmedia":[{"embeddable":true,"href":"https:\/\/ktbb.org\/v1\/wp-json\/wp\/v2\/media\/4478"}],"wp:attachment":[{"href":"https:\/\/ktbb.org\/v1\/wp-json\/wp\/v2\/media?parent=6559"}],"wp:term":[{"taxonomy":"category","embeddable":true,"href":"https:\/\/ktbb.org\/v1\/wp-json\/wp\/v2\/categories?post=6559"},{"taxonomy":"post_tag","embeddable":true,"href":"https:\/\/ktbb.org\/v1\/wp-json\/wp\/v2\/tags?post=6559"}],"curies":[{"name":"wp","href":"https:\/\/api.w.org\/{rel}","templated":true}]}}