{"id":6649,"date":"2019-12-02T12:54:17","date_gmt":"2019-12-02T12:54:17","guid":{"rendered":"http:\/\/ktbb.org\/v1\/?p=6649"},"modified":"2021-03-16T14:34:04","modified_gmt":"2021-03-16T14:34:04","slug":"toprak-ana-gunu-etkinligi-8-aralik-pazar-gunu-yapiliyor","status":"publish","type":"post","link":"https:\/\/ktbb.org\/v1\/toprak-ana-gunu-etkinligi-8-aralik-pazar-gunu-yapiliyor\/","title":{"rendered":"\u2018\u2019Toprak Ana G\u00fcn\u00fc\u2018\u2019 etkinli\u011fi 8 Aral\u0131k Pazar g\u00fcn\u00fc yap\u0131l\u0131yor"},"content":{"rendered":"\r\n<p>Mehmet\u00e7ik Belediyesi\u2019 nin bu y\u0131l d\u00f6rd\u00fcnc\u00fcs\u00fcn\u00fc d\u00fczenleyece\u011fi \u2018\u2019Toprak Ana G\u00fcn\u00fc\u2018\u2019 etkinli\u011fi 8 Aral\u0131k Pazar g\u00fcn\u00fc zengin bir etkinlik program\u0131 ile ger\u00e7ekle\u015ftirilecek.<\/p>\r\n\r\n\r\n\r\n<p>IV. Toprak Ana G\u00fcn\u00fc etkinlik program\u0131 bug\u00fcn,  Mehmet\u00e7ik Belediye Ba\u015fkan\u0131 Cemil Sar\u0131\u00e7izmeli ile Balalan Muhtar\u0131 Turgut \u00d6zbalalanl\u0131\u2019n\u0131n da kat\u0131l\u0131m\u0131yla K\u0131br\u0131s T\u00fcrk Belediyeler Birli\u011finde ger\u00e7ekle\u015ftirilen bas\u0131n toplant\u0131s\u0131yla duyuruldu. <\/p>\r\n\r\n\r\n\r\n<p>Geleneksel y\u00f6ntemler ve yerel tohumlarla \u00fcretilen g\u0131dalarla beslenmeyi te\u015fvik etmek amac\u0131yla Balalan k\u00f6y\u00fcnde d\u00fczenlenecek etkinlik 8  Aral\u0131k Pazar g\u00fcn\u00fc saat 10:00&#8217;da ba\u015flayacak.<\/p>\r\n\r\n\r\n\r\n<p>Etkinlikte tah\u0131ldan \u00fcretilen K\u0131br\u0131s T\u00fcrk k\u00fclt\u00fcr\u00fcne ait yiyeceklerin sat\u0131ld\u0131\u011f\u0131 tezgahlar ve bilgilendirme faaliyetleri yer alacak; \u00e7e\u015fitli g\u00f6steriler sunulacak.<\/p>\r\n\r\n\r\n\r\n<p>Toprak Ana A\u011f\u0131, t\u00fcketim konusunda bireylerin yapacaklar\u0131 tercihlerinin, tar\u0131msal \u00fcretimin nas\u0131l yap\u0131laca\u011f\u0131n\u0131 da \u015fekillendirebilece\u011fi g\u00f6r\u00fc\u015f\u00fcn\u00fcn savunuldu\u011fu Slow Food b\u00fcnyesinde \u015fekillendirildi.<\/p>\r\n\r\n\r\n\r\n<p>Toprak Ana A\u011f\u0131\u2019nda ana ama\u00e7, kaliteli, temiz ve adil \u00fcr\u00fcn i\u00e7in u\u011fra\u015fan k\u00fc\u00e7\u00fck \u00f6l\u00e7ek \u00e7ift\u00e7i, \u00fcretici, bal\u0131k\u00e7\u0131 ve g\u0131da \u00fcreticilerini bir araya getirmek.<\/p>\r\n\r\n\r\n\r\n<p>Bu y\u0131lki Toprak Ana G\u00fcn\u00fc, sofrada en \u00e7ok yer alan &nbsp;\u00fcr\u00fcnlerin ba\u015f\u0131nda gelen \u201ctah\u0131l\u201d temas\u0131yla d\u00fczenleniyor.<\/p>\r\n\r\n\r\n\r\n<p>Bas\u0131n toplant\u0131s\u0131nda konu\u015fan Mehmet\u00e7ik Belediye Ba\u015fkan\u0131 Cemil Sar\u0131\u00e7izmeli, geneti\u011fi ile oynanm\u0131\u015f tohum veya bitkiler \u00fczerinde kullan\u0131lan kimyasallar\u0131n insan sa\u011fl\u0131\u011f\u0131nda ciddi sorunlara yol a\u00e7abilece\u011fini, Slow Food\u2019un bu y\u00f6nde \u00e7ok b\u00fcy\u00fck gayretler ortaya koydu\u011funu, Mehmet\u00e7ik Belediyesi olarak da geleneksel tar\u0131m uygulamalar\u0131n\u0131n geri d\u00f6nmesini \u00e7ok \u00f6nemsediklerini, Toprak Ana G\u00fcn\u00fcn\u00fcn de bu y\u00f6ndeki \u00e7al\u0131\u015fmalar\u0131n bir \u00fcr\u00fcn\u00fc oldu\u011funu belirtti.<\/p>\r\n\r\n\r\n\r\n<p>Hedeflerinin tar\u0131msal faaliyetlerde kimyasal ila\u00e7 kullan\u0131m\u0131n\u0131 s\u0131f\u0131ra indirgemek oldu\u011funu kaydeden Sar\u0131\u00e7izmeli, gelinen noktada uluslararas\u0131 \u015firketlerin tohumlar \u00fczerindeki gen \u00e7al\u0131\u015fmalar\u0131n\u0131n s\u00fcrd\u00fcrd\u00fc\u011f\u00fcn\u00fc, d\u00fcnya tohum piyasas\u0131n\u0131n 3-4 firman\u0131n elinde oldu\u011funu, sofraya gelen g\u0131dalar\u0131n neredeyse t\u00fcm\u00fcn\u00fcn geneti\u011fi ile oynanm\u0131\u015f tohumlardan \u00fcretildi\u011fini, bunlar\u0131n ba\u015f\u0131nda da tah\u0131l geldi\u011fini ifade etti.<\/p>\r\n\r\n\r\n\r\n<p>Kullan\u0131m\u0131 \u00e7ok fazla oldu\u011fundan, bu\u011fday \u00fczerinde \u00e7ok \u00e7al\u0131\u015fmalar yap\u0131ld\u0131\u011f\u0131n\u0131 kaydeden Sar\u0131\u00e7izmeli, \u201cBu nedenle etkinli\u011fin temas\u0131n\u0131 bu\u011fday olarak belirledik\u201d dedi.<\/p>\r\n\r\n\r\n\r\n<p>Sar\u0131\u00e7izmeli, \u201cAmac\u0131m\u0131z, Halk\u0131 yerel tohumlar hakk\u0131nda bilin\u00e7lendirmek ve \u00fcreticileri yerel tohum kullan\u0131m\u0131na te\u015fvik etmek\u201d dedi.<\/p>\r\n\r\n\r\n\r\n<p>C\u0130BERUNDA<\/p>\r\n\r\n\r\n\r\n<p>Bu y\u00f6nde Belediye\u2019nin Zeka Bey Tohum Merkezi ile birlikte, yerel bu\u011fday tohumu kara ba\u015fak\u0131n &nbsp;(Ciberunda\u2019n\u0131n) tekrardan \u00fcretimde yer almas\u0131 i\u00e7in ge\u00e7en y\u0131l yapt\u0131klar\u0131 ekimden bu y\u0131l 500 kg \u00fcr\u00fcn elde ettiklerini, bu y\u0131l ise 500 kg\u2019nin ekimini yapt\u0131klar\u0131n\u0131 kaydeden Sar\u0131\u00e7izmeli, \u201cKendi \u00fcreticilerimiz taraf\u0131ndan kullan\u0131lmas\u0131 ve \u00fcr\u00fcnlerinin sofralar\u0131m\u0131zda g\u00f6r\u00fclmesini istiyoruz\u201d dedi.<\/p>\r\n\r\n\r\n\r\n<p>Sar\u0131\u00e7izmeli, bu y\u0131l elde edilen ciberunda \u00fcr\u00fcn\u00fcn\u00fcn 500 kg olmas\u0131ndan dolay\u0131, un \u00e7\u0131karmak i\u00e7in kullan\u0131lmad\u0131\u011f\u0131n\u0131 sadece ekim i\u00e7in ayr\u0131ld\u0131\u011f\u0131n\u0131, bu nedenle etkinlikte ciberunda unundan \u00fcr\u00fcnlerin yer almayaca\u011f\u0131n\u0131 s\u00f6yledi.<\/p>\r\n\r\n\r\n\r\n<p>Ciberunda\u2019n\u0131n \u0130zmir\u2019de yayg\u0131n kullan\u0131lmaya ba\u015fland\u0131\u011f\u0131n\u0131 kaydeden Sar\u0131\u00e7izmeli, Ciberunda bu\u011fday\u0131 hakk\u0131nda \u0130zmir\u2019de yap\u0131lan fark\u0131ndal\u0131k \u00e7al\u0131\u015fmalar\u0131n\u0131n ba\u015far\u0131l\u0131 oldu\u011funu, \u00fcr\u00fcne talep artt\u0131\u011f\u0131n\u0131 ve \u00fcretiminin de \u00e7o\u011fald\u0131\u011f\u0131n\u0131 anlatt\u0131.<\/p>\r\n\r\n\r\n\r\n<p>\u201cAMA\u00c7 YERL\u0130 BU\u011eDAY T\u00dcRLER\u0130N\u0130N KULLANIMINI SA\u011eLAMAK\u201d<\/p>\r\n\r\n\r\n\r\n<p>Mehmet\u00e7ik b\u00f6lgesinin ekmek \u00fcretimiyle isim yapt\u0131\u011f\u0131na dikkat \u00e7eken Sar\u0131\u00e7izmeli, \u201chedefimiz b\u00f6lgede ekmek \u00fcretimi ve un \u00fcr\u00fcnleri yapanlar\u0131n da Ciberunda kullanmas\u0131n\u0131 sa\u011flamakt\u0131r\u201d dedi.<\/p>\r\n\r\n\r\n\r\n<p>Sar\u0131\u00e7izmeli, talep olmad\u0131\u011f\u0131 takdirde, \u00fcretim alan\u0131nda yap\u0131lan \u00e7al\u0131\u015fmalar\u0131n ba\u015far\u0131l\u0131 olamayaca\u011f\u0131n\u0131, bu nedenle ilk ad\u0131m\u0131n tah\u0131l konusunda t\u00fcketicilerin bilin\u00e7lendirilmesi oldu\u011funu kaydetti.<\/p>\r\n\r\n\r\n\r\n<p>Beyaz ekme\u011fin tam bu\u011fday ekme\u011fe g\u00f6re daha az faydal\u0131 oldu\u011funu anlatan Sar\u0131\u00e7izmeli, &nbsp;bug\u00fcn ekmek \u00fcretiminde \u00e7ok b\u00fcy\u00fck oranda \u201cbeyaz un\u201d kullan\u0131ld\u0131\u011f\u0131n\u0131 ve lif i\u00e7ermedi\u011fini sadece karbonhidrat i\u00e7erdi\u011fini belirtti.<\/p>\r\n\r\n\r\n\r\n<p>ETK\u0130NL\u0130K BALALAN&#8217;DA\u00a0<\/p>\r\n\r\n\r\n\r\n<p>Etkinli\u011fin Balalan\u2019da yer almas\u0131na da de\u011finen Sar\u0131\u00e7izmeli, n\u00fcfusu g\u00fcnde g\u00fcne azalan k\u00f6ylerden biri olmas\u0131, \u00fclkeye pek \u00e7ok \u00f6nemli isim kazand\u0131rm\u0131\u015f olmas\u0131 hasebiyle, isminin daha \u00e7ok duyulmas\u0131n\u0131 ve daha \u00e7ok ziyaret edilmesini sa\u011flamak amac\u0131yla etkinli\u011fin Balalan\u2019da d\u00fczenlendi\u011fini belirtti.<\/p>\r\n\r\n\r\n\r\n<p>Balalan Muhtar\u0131 Turgut \u00d6zbalalanl\u0131 da halk\u0131 etkinli\u011fe davet etti.<\/p>\r\n\r\n<p>You need to find somebody who has an established history of success and that <p>Most companies provide various forms of services, a number of them <p>This is a true method to find <a href=\"https:\/\/www.affordable-papers.net\/\">https:\/\/www.affordable-papers.net\/<\/a> cheap essays concerning many subjects including history, religion, and even engineering.<\/p> not suitable for some individuals and can waste valuable time and effort.<\/p> you feel comfortable working with.<\/p>","protected":false},"excerpt":{"rendered":"<p>Mehmet\u00e7ik Belediyesi\u2019 nin bu y\u0131l d\u00f6rd\u00fcnc\u00fcs\u00fcn\u00fc d\u00fczenleyece\u011fi \u2018\u2019Toprak Ana G\u00fcn\u00fc\u2018\u2019 [&hellip;]<\/p>\n","protected":false},"author":9,"featured_media":6650,"comment_status":"open","ping_status":"closed","sticky":false,"template":"","format":"standard","meta":{"footnotes":""},"categories":[9],"tags":[],"class_list":["post-6649","post","type-post","status-publish","format-standard","has-post-thumbnail","hentry","category-uyelerimizin-haberleri"],"_links":{"self":[{"href":"https:\/\/ktbb.org\/v1\/wp-json\/wp\/v2\/posts\/6649","targetHints":{"allow":["GET"]}}],"collection":[{"href":"https:\/\/ktbb.org\/v1\/wp-json\/wp\/v2\/posts"}],"about":[{"href":"https:\/\/ktbb.org\/v1\/wp-json\/wp\/v2\/types\/post"}],"author":[{"embeddable":true,"href":"https:\/\/ktbb.org\/v1\/wp-json\/wp\/v2\/users\/9"}],"replies":[{"embeddable":true,"href":"https:\/\/ktbb.org\/v1\/wp-json\/wp\/v2\/comments?post=6649"}],"version-history":[{"count":2,"href":"https:\/\/ktbb.org\/v1\/wp-json\/wp\/v2\/posts\/6649\/revisions"}],"predecessor-version":[{"id":10770,"href":"https:\/\/ktbb.org\/v1\/wp-json\/wp\/v2\/posts\/6649\/revisions\/10770"}],"wp:featuredmedia":[{"embeddable":true,"href":"https:\/\/ktbb.org\/v1\/wp-json\/wp\/v2\/media\/6650"}],"wp:attachment":[{"href":"https:\/\/ktbb.org\/v1\/wp-json\/wp\/v2\/media?parent=6649"}],"wp:term":[{"taxonomy":"category","embeddable":true,"href":"https:\/\/ktbb.org\/v1\/wp-json\/wp\/v2\/categories?post=6649"},{"taxonomy":"post_tag","embeddable":true,"href":"https:\/\/ktbb.org\/v1\/wp-json\/wp\/v2\/tags?post=6649"}],"curies":[{"name":"wp","href":"https:\/\/api.w.org\/{rel}","templated":true}]}}