{"id":6719,"date":"2019-12-11T09:09:02","date_gmt":"2019-12-11T09:09:02","guid":{"rendered":"http:\/\/ktbb.org\/v1\/?p=6719"},"modified":"2019-12-11T09:10:37","modified_gmt":"2019-12-11T09:10:37","slug":"yerel-yonetim-demokrasinin-besigi-demektir","status":"publish","type":"post","link":"https:\/\/ktbb.org\/v1\/yerel-yonetim-demokrasinin-besigi-demektir\/","title":{"rendered":"\u201cYerel y\u00f6netim, demokrasinin be\u015fi\u011fi demektir\u201d"},"content":{"rendered":"\n<p><strong>Mustafa AKINCI<\/strong><\/p>\n\n\n\n<p><strong>KKTC Cumhurba\u015fkan\u0131&nbsp;&nbsp;&nbsp;&nbsp;&nbsp;&nbsp;&nbsp;&nbsp;&nbsp;&nbsp;&nbsp;&nbsp;&nbsp;&nbsp;&nbsp;&nbsp;&nbsp;&nbsp;&nbsp;&nbsp;&nbsp;&nbsp;&nbsp;&nbsp;&nbsp;&nbsp;&nbsp;&nbsp;&nbsp;&nbsp;&nbsp;&nbsp;&nbsp;&nbsp;&nbsp;&nbsp;&nbsp;&nbsp;&nbsp;&nbsp;&nbsp;&nbsp;&nbsp;&nbsp;&nbsp;&nbsp;&nbsp;&nbsp;&nbsp;&nbsp;&nbsp;&nbsp;&nbsp;&nbsp;&nbsp;&nbsp;&nbsp;&nbsp; <\/strong><\/p>\n\n\n\n<figure class=\"wp-block-image size-large is-resized\"><img decoding=\"async\" src=\"http:\/\/ktbb.org\/v1\/wp-content\/uploads\/2019\/12\/\u00f6zel-r\u00f6p-sev-1024x128.jpg\" alt=\"\" class=\"wp-image-6726\" width=\"424\" height=\"54\" srcset=\"https:\/\/ktbb.org\/v1\/wp-content\/uploads\/2019\/12\/\u00f6zel-r\u00f6p-sev-200x25.jpg 200w, https:\/\/ktbb.org\/v1\/wp-content\/uploads\/2019\/12\/\u00f6zel-r\u00f6p-sev-300x38.jpg 300w, https:\/\/ktbb.org\/v1\/wp-content\/uploads\/2019\/12\/\u00f6zel-r\u00f6p-sev-400x50.jpg 400w, https:\/\/ktbb.org\/v1\/wp-content\/uploads\/2019\/12\/\u00f6zel-r\u00f6p-sev-600x75.jpg 600w, https:\/\/ktbb.org\/v1\/wp-content\/uploads\/2019\/12\/\u00f6zel-r\u00f6p-sev-768x96.jpg 768w, https:\/\/ktbb.org\/v1\/wp-content\/uploads\/2019\/12\/\u00f6zel-r\u00f6p-sev-800x100.jpg 800w, https:\/\/ktbb.org\/v1\/wp-content\/uploads\/2019\/12\/\u00f6zel-r\u00f6p-sev-1024x128.jpg 1024w, https:\/\/ktbb.org\/v1\/wp-content\/uploads\/2019\/12\/\u00f6zel-r\u00f6p-sev.jpg 1200w\" sizes=\"(max-width: 424px) 100vw, 424px\" \/><figcaption><em> Yerel G\u00fcndem dergisinin 1. say\u0131s\u0131nda yay\u0131mlanm\u0131\u015ft\u0131r <\/em><\/figcaption><\/figure>\n\n\n\n<p><strong>\u201cYerel y\u00f6netim, demokrasinin be\u015fi\u011fi demektir\u201d<\/strong><\/p>\n\n\n\n<p><strong><em>Cumhurba\u015fkan\u0131m\u0131z, Say\u0131n\nMustafa Ak\u0131nc\u0131 ile ge\u00e7mi\u015ften g\u00fcn\u00fcm\u00fcze belediyecili\u011fi konu\u015ftuk. 1976 y\u0131l\u0131nda\nLefko\u015fa T\u00fcrk Belediyesi Ba\u015fkanl\u0131\u011f\u0131\u2019na se\u00e7ildi\u011finde 28 ya\u015f\u0131nda olan Mustafa\nAk\u0131nc\u0131, bu g\u00f6revi 14 y\u0131l boyunca kesintisiz s\u00fcrd\u00fcrd\u00fc. Say\u0131n Cumhurba\u015fkan\u0131 ile\nBelediye Ba\u015fkanl\u0131\u011f\u0131\u2019nda 14 y\u0131l\u0131, d\u00fcn\u00fc ve bug\u00fcn\u00fc konu\u015ftuk. Ger\u00e7ekle\u015ftirdi\u011fi \u00e7al\u0131\u015fmalar\u0131,\ndeneyim ve \u00f6nerileri yan\u0131nda g\u00fcndemde olan Belediyeler Reformu konusunda da\nd\u00fc\u015f\u00fcncelerini payla\u015fan Mustafa Ak\u0131nc\u0131, \u00f6nemli mesajlar verdi.<\/em><\/strong><\/p>\n\n\n\n<p><strong>\u201cSorun ortakt\u0131\u2026 \u00c7\u0131k\u0131\u015f yolunu da\nbirlikte aramaya ba\u015flad\u0131k\u2026\u201d<\/strong><\/p>\n\n\n\n<p><strong><em>1983 y\u0131l\u0131nda K\u0131br\u0131s\nT\u00fcrk Belediyeler Birli\u011fi\u2019nin kurulu\u015funda bulundunuz ve Kurucu Ba\u015fkanl\u0131\u011f\u0131n\u0131\nyapt\u0131n\u0131z&#8230; K. T. Belediyeler Birli\u011fi\u2019nin kurulu\u015f s\u00fcrecini bizlere anlat\u0131r\nm\u0131s\u0131n\u0131z? Bu s\u00fcre\u00e7 nas\u0131l ilerledi?<\/em><\/strong><\/p>\n\n\n\n<p><strong><em>M. Ak\u0131nc\u0131:<\/em><\/strong> K\u0131br\u0131s\u2019ta 1953 y\u0131l\u0131 son karma d\u00f6nem belediye\nmeclisi se\u00e7imlerinin yap\u0131ld\u0131\u011f\u0131 y\u0131ld\u0131r. Belediyeler K\u0131br\u0131s\u2019ta 1958 y\u0131l\u0131nda\nayr\u0131ld\u0131 ve 1960 K\u0131br\u0131s Cumhuriyet Anayasas\u0131\u2019nda da 5 b\u00fcy\u00fck\u015fehirde ayr\u0131\nbelediyelerin olaca\u011f\u0131 kayda ge\u00e7ti. Lefko\u015fa, Ma\u011fusa, Baf, Larnaka ve Limasol\u2026 &nbsp;O \u015fehirlerde ya\u015fayan T\u00fcrkler ve Rumlar\nbirlikte Belediye Meclisi\u2019ni se\u00e7erdi. Belediye Meclisi i\u00e7erisinden de Belediye\nBa\u015fkan\u0131 se\u00e7ilirdi. 1953 y\u0131l\u0131 bu se\u00e7imlerin yap\u0131ld\u0131\u011f\u0131 son y\u0131ld\u0131. 1958 y\u0131l\u0131nda\nbelediyeler ayr\u0131l\u0131nca, K\u0131br\u0131s T\u00fcrk Belediyeleri\u2019ne ba\u015fkanlar atama yoluyla g\u00f6revlendirilirdi.\nEn ba\u015fta Dr. Tahsin G\u00f6zmen ve son olarak Dr. Ziver Kemal atanm\u0131\u015f ba\u015fkanlardan baz\u0131lar\u0131d\u0131r.\nKendilerini rahmetle an\u0131yorum. Ben 1976 y\u0131l\u0131nda ilk kez se\u00e7imle gelen Belediye\nBa\u015fkan\u0131 idim. Halk, belediye ba\u015fkanlar\u0131n\u0131 1976 y\u0131l\u0131nda se\u00e7meye ba\u015flad\u0131. Se\u00e7imle\ngelince, ba\u015fkanlar\u0131n da halka kar\u015f\u0131 sorumluluklar\u0131 artt\u0131. Do\u011frudan, halk\u0131n\nse\u00e7ti\u011fi ba\u015fkanlar d\u00f6nemi ba\u015flad\u0131. Eskiden belediyecili\u011fe bak\u0131\u015f a\u00e7\u0131s\u0131 sadece \u00e7\u00f6p\ntoplamayla s\u0131n\u0131rl\u0131yd\u0131. \u201c\u015eehir temiz olsun, \u00e7\u00f6pler kald\u0131r\u0131ls\u0131n yeter\u201d denirdi.\nAma belediyecili\u011fin \u00e7ok daha geni\u015f bir kavram oldu\u011fu, bunun k\u00fclt\u00fcrel, sosyal\nboyutlar\u0131 oldu\u011fu, belediyecili\u011fin sadece \u00e7\u00f6p toplamaktan ibaret olmad\u0131\u011f\u0131 daha\nanla\u015f\u0131l\u0131r hale geldi. 1978 y\u0131l\u0131nda ilk defa, Yerel Y\u00f6netim Semineri\nd\u00fczenlenmesine \u00f6nc\u00fcl\u00fck yapt\u0131m. Lefko\u015fa\u2019da d\u00fczenlenen seminere T\u00fcrkiye\u2019den de k\u0131ymetli\nbelediye ba\u015fkanlar\u0131 davet edildi. \u00c7ok yararl\u0131 bir seminer yap\u0131ld\u0131. Sorunlar\ntart\u0131\u015f\u0131ld\u0131, \u00e7\u0131k\u0131\u015f yollar\u0131 arand\u0131, \u00f6neriler geli\u015ftirildi. Bu s\u00fcre\u00e7 i\u00e7erisinde\nbelediyeler, tek tek sorunlar\u0131n\u0131n ne kadar b\u00fcy\u00fck oldu\u011funu g\u00f6rmeye ba\u015flad\u0131lar.\nVe halk\u0131n se\u00e7ti\u011fi hem ba\u015fkanlar, hem belediye meclis \u00fcyeleri halka daha \u00e7ok\nhizmet edebilmenin yollar\u0131n\u0131 aramaya ba\u015flad\u0131lar. Yasalar\u0131n\u0131n \u00e7a\u011fd\u0131\u015f\u0131 kald\u0131\u011f\u0131n\u0131,\nkadrolar\u0131n\u0131n, b\u00fct\u00e7e imk\u00e2nlar\u0131n\u0131n yetersiz oldu\u011funu daha \u00e7ok g\u00f6r\u00fcp anlamaya\nba\u015flad\u0131lar. Bu anlay\u0131\u015f i\u00e7erisinde belediyeler bir araya gelmeye ba\u015flad\u0131. Sorun\nortak. Dolay\u0131s\u0131yla \u00e7\u0131k\u0131\u015f yolunu da birlikte aramaya ba\u015flad\u0131lar. 1976 y\u0131l\u0131ndan\nsonra, her ay farkl\u0131 bir belediyede toplant\u0131lar d\u00fczenlemeye ba\u015flad\u0131k. Ve kendi\nsorunlar\u0131m\u0131z\u0131 nas\u0131l a\u015fabilece\u011fimizi, h\u00fck\u00fcmetle temas edip, bu sorunlar\u0131 nas\u0131l\ngiderebilece\u011fimizi, daha geni\u015f ve yeterli yetkilere nas\u0131l sahip olabilece\u011fimizi,\ndaha \u00e7a\u011fda\u015f ve demokratik bir belediyecili\u011fi \u00fclkemize nas\u0131l\nyerle\u015ftirebilece\u011fimizi kendi aram\u0131zda tart\u0131\u015f\u0131r hale geldik. Sonu\u00e7ta T\u00fcrkiye\u2019de\nde kurulu bulunan birliklerden esinlenerek K.T. Belediyeler Birli\u011fi\u2019ni kurmaya\nkarar verdik. Burada ad\u0131n\u0131 anmadan ge\u00e7emeyece\u011fim bir isim var. Selahattin\nY\u0131ld\u0131r\u0131m. O d\u00f6nemde T\u00fcrkiye\u2019de Marmara ve Bo\u011fazlar\u0131 Belediyeler Birli\u011fi\u2019nin\nGenel Sekreterli\u011fi\u2019ni yapmakta olan bir arkada\u015f\u0131m\u0131zd\u0131. 1978 y\u0131l\u0131nda Yerel\nY\u00f6netim Semineri d\u00fczenledi\u011fimiz zaman davet etti\u011fimiz ki\u015filerden biri de\nSelahattin Y\u0131ld\u0131r\u0131m idi. O davetle birlikte T\u00fcrkiye\u2019deki belediyeler ve\nbirliklerle ili\u015fkilerimiz \u00e7ok geli\u015fti. Selahattin Y\u0131ld\u0131r\u0131m\u2019\u0131n \u00f6nemli katk\u0131lar\u0131\noldu. 1983 y\u0131l\u0131nda, yine ad\u0131n\u0131 anmadan ge\u00e7emeyece\u011fim de\u011ferli bir isim, Gazima\u011fusa\nBelediye Ba\u015fkan\u0131 Mustafa Adao\u011flu, Belediyeler Birli\u011fi Ba\u015fkan Yard\u0131mc\u0131s\u0131, ben de\nBirlik Ba\u015fkan\u0131 olarak K. T. Belediyeler Birli\u011fi\u2019nin kurulu\u015funu ger\u00e7ekle\u015ftirdik.\nAdao\u011flu ve d\u00f6nemin b\u00fct\u00fcn belediye ba\u015fkanlar\u0131n\u0131n g\u00f6sterdikleri gayret ve anlay\u0131\u015f\nsayesinde\u2026&nbsp; Yine ad\u0131n\u0131 anmadan ge\u00e7mek\nistemedi\u011fim, Rahmetli Muammer Ya\u011fc\u0131o\u011flu\u2026 O da \u0130\u00e7i\u015fleri Bakanl\u0131\u011f\u0131 M\u00fcste\u015far\u0131 idi.\nD\u00f6nemin, Girne Belediye Ba\u015fkan\u0131 Rahmetli Ziya R\u0131zk\u0131, d\u00f6nemin Lefke Belediye\nBa\u015fkan\u0131 Vehit Nekipzade hat\u0131rlad\u0131\u011f\u0131m isimler. Ve di\u011fer ad\u0131n\u0131 anmad\u0131\u011f\u0131m, ama \u00e7ok\nde\u011ferli belediye ba\u015fkanlar\u0131n\u0131n da katk\u0131lar\u0131yla, K. T. Belediyeler Birli\u011fi,\nEyl\u00fcl 1983\u2019de kuruldu.<\/p>\n\n\n\n<figure class=\"wp-block-image size-large\"><img decoding=\"async\" width=\"1024\" height=\"682\" src=\"http:\/\/ktbb.org\/v1\/wp-content\/uploads\/2019\/12\/OZI1185-1024x682.jpg\" alt=\"\" class=\"wp-image-6721\" srcset=\"https:\/\/ktbb.org\/v1\/wp-content\/uploads\/2019\/12\/OZI1185-200x133.jpg 200w, https:\/\/ktbb.org\/v1\/wp-content\/uploads\/2019\/12\/OZI1185-300x200.jpg 300w, https:\/\/ktbb.org\/v1\/wp-content\/uploads\/2019\/12\/OZI1185-400x267.jpg 400w, https:\/\/ktbb.org\/v1\/wp-content\/uploads\/2019\/12\/OZI1185-600x400.jpg 600w, https:\/\/ktbb.org\/v1\/wp-content\/uploads\/2019\/12\/OZI1185-768x512.jpg 768w, https:\/\/ktbb.org\/v1\/wp-content\/uploads\/2019\/12\/OZI1185-800x533.jpg 800w, https:\/\/ktbb.org\/v1\/wp-content\/uploads\/2019\/12\/OZI1185-1024x682.jpg 1024w, https:\/\/ktbb.org\/v1\/wp-content\/uploads\/2019\/12\/OZI1185-1200x800.jpg 1200w, https:\/\/ktbb.org\/v1\/wp-content\/uploads\/2019\/12\/OZI1185-1536x1024.jpg 1536w, https:\/\/ktbb.org\/v1\/wp-content\/uploads\/2019\/12\/OZI1185.jpg 2000w\" sizes=\"(max-width: 1024px) 100vw, 1024px\" \/><\/figure>\n\n\n\n<p><strong>\u0130ki toplumlu kanalizasyon projesi\u2026<\/strong><\/p>\n\n\n\n<p><strong>\u201cBizi birle\u015ftiren ortak ihtiya\u00e7 oldu\u2026\nPolitik sorunlar\u0131 elbirli\u011fiyle a\u015fabildik, kendi y\u00f6neticilerimizi, iki taraf\u0131 da\nikna edebildik. Kolay olmad\u0131\u2026\u201d<\/strong><\/p>\n\n\n\n<p><strong><em>1978\u2019de Lefko\u015fa T\u00fcrk\nBelediye Ba\u015fkan\u0131 olarak, Rum Belediye Ba\u015fkan\u0131 Lellos Dimitriades ile\nkanalizasyonla ilgili anla\u015fma imzalad\u0131n\u0131z. \u0130ki toplumlu ortak bir \u00e7al\u0131\u015fma o\nd\u00f6nemde nas\u0131l oldu?<\/em><\/strong><\/p>\n\n\n\n<p><strong><em>M. Ak\u0131nc\u0131:<\/em><\/strong> 1976 y\u0131l\u0131nda ben g\u00f6reve geldikten\nsonra Lefko\u015fa\u2019n\u0131n en temel ihtiya\u00e7lar\u0131ndan birinin de kanalizasyon oldu\u011funu\ng\u00f6zlemledim. Zaten fark\u0131ndayd\u0131m ama sorunun boyutunun ne kadar b\u00fcy\u00fck oldu\u011funu\ndaha g\u00f6reve geldi\u011fim ilk g\u00fcnlerde anlad\u0131m. \u00c7\u00fcnk\u00fc Lefko\u015fa\u2019n\u0131n ba\u015f\u0131nda \u00e7ok b\u00fcy\u00fck\nbir Kanl\u0131dere sorunu vard\u0131. Ortak\u00f6y\u2019de 3 tane fabrika\u2026 S\u00fct, un ve me\u015frubat\nfabrikalar\u0131, b\u00fct\u00fcn kirli sular\u0131n\u0131 dereye ak\u0131t\u0131yorlard\u0131. Hele de s\u00fct\nfabrikas\u0131n\u0131n yaratt\u0131\u011f\u0131 kirlilik dayan\u0131lmaz boyutlarda idi. Korkun\u00e7 bir koku ve\nsinek \u00fcretmekteydi ve bunun kanalizasyona ba\u011flanmas\u0131 ka\u00e7\u0131n\u0131lmazd\u0131. Lefko\u015fa\u2019n\u0131n\nkuzeyi ise killi toprak oldu\u011fundan kuyular suyu \u00e7ekmiyordu. S\u00fcrekli vidanj\u00f6rler\nhizmet etmek zorunda kal\u0131yordu. Lefko\u015fa Belediye Ba\u015fkanl\u0131\u011f\u0131\u2019na gelir gelmez ilk\n\u00e7arp\u0131c\u0131 sorun bu oldu ve derhal \u00e7are aramaya ba\u015flad\u0131k. Yeterli para, proje yoktu.\nG\u00fcney\u2019de ise 1974 \u00f6ncesi ba\u015flam\u0131\u015f olan bir kanalizasyon projesi vard\u0131. Ar\u0131t\u0131m tesisler\nbitmek \u00fczereydi, A\u011fustos\u2019ta a\u00e7\u0131l\u0131\u015f\u0131 yap\u0131lacakt\u0131. Ancak 1974\u2019teki Harek\u00e2t\nsonras\u0131 ar\u0131t\u0131m tesisleri Haspolat\u2019ta, bizim tarafta kalm\u0131\u015ft\u0131. Ermou\u2019da yani\nSurlari\u00e7i\u2019nde ana borunun ge\u00e7ti\u011fi b\u00f6lgeler bizim tarafta, baz\u0131 b\u00f6lgeler de Rum\ntaraf\u0131nda kald\u0131. Ortakl\u0131ktan ka\u00e7\u0131n\u0131labilirdi ama Rumlar\u0131n, \u00e7ok daha maliyetli\nbir \u015fekilde, e\u011fime ters bir bi\u00e7imde \u00e7al\u0131\u015facak bir sistem kurmas\u0131 gerekirdi. \u00c7ok\ndaha zor, \u00e7ok daha maliyetli, s\u00fcrekli pompalama isteyecek bir sistem. O nedenle\nonlar a\u00e7\u0131s\u0131ndan da K\u0131br\u0131s T\u00fcrk taraf\u0131yla i\u015fbirli\u011fi yapmak ak\u0131l i\u015fiydi. Ben de\nkendi ihtiya\u00e7lar\u0131m\u0131za bakt\u0131\u011f\u0131mda, a\u015fama a\u015fama, K\u0131br\u0131s T\u00fcrk taraf\u0131n\u0131n da\nkanalizasyona ba\u011flanmas\u0131 f\u0131rsat\u0131n\u0131n do\u011faca\u011f\u0131n\u0131 g\u00f6rd\u00fc\u011f\u00fcm i\u00e7in bu projeye d\u00f6rt\nelle sar\u0131ld\u0131m. Bizi birle\u015ftiren ortak ihtiya\u00e7 oldu. Ar\u0131t\u0131m tesisleri bir bak\u0131ma\n\u015fehrin b\u00f6brekleri gibidir ve \u00e7al\u0131\u015fmaz haldeyse v\u00fccut gibi \u015fehir de iflas eder.\nVe kanalizasyon, Lefko\u015fa gibi b\u00fcy\u00fck bir \u015fehirde olmazsa olmazd\u0131r. Kuyularla\nidare edemezsiniz. Dolay\u0131s\u0131yla bu projenin iki taraf\u0131n da yarar\u0131na olaca\u011f\u0131n\u0131 g\u00f6rd\u00fc\u011f\u00fcm\u00fcz\nzaman, politik sorunlar\u0131 a\u015fmay\u0131 ba\u015fard\u0131k. \u0130yi saatte olsun Lellos Dimitriades,\nkendisi \u015fu s\u0131ralar ciddi bir rahats\u0131zl\u0131k ge\u00e7iriyor. O\u2019na da bu s\u00f6yle\u015fi\narac\u0131l\u0131\u011f\u0131yla ge\u00e7mi\u015f olsun dileklerimi iletiyorum. Birlikte Lefko\u015fa\u2019ya \u00e7ok\nyararl\u0131 bir hizmet yapt\u0131\u011f\u0131m\u0131za inan\u0131yorum. Politik sorunlar\u0131 elbirli\u011fiyle\na\u015fabildik, kendi y\u00f6neticilerimizi, iki taraf\u0131 da ikna edebildik. Kolay olmad\u0131.<\/p>\n\n\n\n<figure class=\"wp-block-gallery columns-1 is-cropped wp-block-gallery-1 is-layout-flex wp-block-gallery-is-layout-flex\"><ul class=\"blocks-gallery-grid\"><li class=\"blocks-gallery-item\"><figure><img decoding=\"async\" width=\"1024\" height=\"682\" src=\"http:\/\/ktbb.org\/v1\/wp-content\/uploads\/2019\/12\/OZI1194-1024x682.jpg\" alt=\"\" data-id=\"6720\" data-full-url=\"http:\/\/ktbb.org\/v1\/wp-content\/uploads\/2019\/12\/OZI1194.jpg\" data-link=\"http:\/\/ktbb.org\/v1\/?attachment_id=6720\" class=\"wp-image-6720\" srcset=\"https:\/\/ktbb.org\/v1\/wp-content\/uploads\/2019\/12\/OZI1194-200x133.jpg 200w, https:\/\/ktbb.org\/v1\/wp-content\/uploads\/2019\/12\/OZI1194-300x200.jpg 300w, https:\/\/ktbb.org\/v1\/wp-content\/uploads\/2019\/12\/OZI1194-400x267.jpg 400w, https:\/\/ktbb.org\/v1\/wp-content\/uploads\/2019\/12\/OZI1194-600x400.jpg 600w, https:\/\/ktbb.org\/v1\/wp-content\/uploads\/2019\/12\/OZI1194-768x512.jpg 768w, https:\/\/ktbb.org\/v1\/wp-content\/uploads\/2019\/12\/OZI1194-800x533.jpg 800w, https:\/\/ktbb.org\/v1\/wp-content\/uploads\/2019\/12\/OZI1194-1024x682.jpg 1024w, https:\/\/ktbb.org\/v1\/wp-content\/uploads\/2019\/12\/OZI1194-1200x800.jpg 1200w, https:\/\/ktbb.org\/v1\/wp-content\/uploads\/2019\/12\/OZI1194-1536x1024.jpg 1536w, https:\/\/ktbb.org\/v1\/wp-content\/uploads\/2019\/12\/OZI1194.jpg 2000w\" sizes=\"(max-width: 1024px) 100vw, 1024px\" \/><\/figure><\/li><\/ul><\/figure>\n\n\n\n<p><strong>\u201c\u2026 \u2018Paray\u0131 bize versinler, ekonomiyi\nkalk\u0131nd\u0131racak ba\u015fka alanlarda kullanal\u0131m\u2019 diyorlard\u0131\u2026\u201d<\/strong><\/p>\n\n\n\n<p><strong><em>Bu \u00e7al\u0131\u015fmayla ilgili\ns\u0131k\u0131nt\u0131lar ya\u015fand\u0131 m\u0131? Bunlar\u0131 nas\u0131l a\u015ft\u0131n\u0131z?<\/em><\/strong><\/p>\n\n\n\n<p><strong><em>M. Ak\u0131nc\u0131:<\/em><\/strong> H\u00fck\u00fcmette olan baz\u0131 insanlar d\u0131\u015f\nkaynak gelecekse, bunun kanalizasyona harcanmas\u0131n\u0131 istemiyordu. Onlar, \u201cbu\nsosyal bir projedir. Paray\u0131 bize versinler, ekonomiyi kalk\u0131nd\u0131racak ba\u015fka\nalanlarda kullanal\u0131m\u201d diyorlard\u0131. Y\u00f6netim kademelerinde ne kadar ciddi bir\nsorun oldu\u011funu anlamakta acizlik \u00e7eken insanlar vard\u0131. Bu kadar y\u0131ldan sonra,\ngelmi\u015f ge\u00e7mi\u015f b\u00fct\u00fcn belediye ba\u015fkanlar\u0131 da hangi partiden olursa olsun, bu\nortak projeyi a\u015fama a\u015fama ilerlettiler. Aradan 40 y\u0131l ge\u00e7ti, hala bu proje\n\u00e7al\u0131\u015f\u0131yor. Bizim yapt\u0131\u011f\u0131m\u0131z d\u00f6nemde hayata ge\u00e7irilen 1960\u2019lar\u0131n projesiydi.\nKo\u015fullara g\u00f6re ar\u0131t\u0131m tesisleri yenilendi. Y\u0131llar i\u00e7erisinde AB standartlar\u0131nda,\nyeni sistemler geli\u015ftirildi. \u015eimdi \u00e7ok daha temiz bir su \u00e7\u0131k\u0131yor ve koku da\nyapm\u0131yor. Y\u0131llar i\u00e7erisinde \u00e7ok s\u0131k\u0131nt\u0131lar ya\u015fad\u0131k ama bu sorunlar hep a\u015f\u0131ld\u0131.\nBunlar zaman zaman istismar da edildi. Ortak projelere inanmayan siyasi\nkesimler, baz\u0131 partiler benim ba\u015fkanl\u0131k d\u00f6nemimde propagandalar yapt\u0131lar. Kanalizasyon\nher modern \u015fehirde olmas\u0131 gereken bir altyap\u0131d\u0131r. \u015eimdi \u00e7ok \u015f\u00fck\u00fcr bunlar hep a\u015f\u0131ld\u0131.\nA\u015fama a\u015fama evler, mahalleler ba\u011flan\u0131yor. \u00c7ok ilgin\u00e7 bir \u015fey de s\u00f6yleyeyim.\nBenim oldu\u011fum mahalle de 40 y\u0131l sonra nihayet ba\u011flan\u0131yor. \u015eehrin konumu\nnedeniyle bizim mahalle en sona kalm\u0131\u015ft\u0131. Kanalizasyonu bu \u015fehre getiren\nki\u015finin oldu\u011fu sokak, en son ba\u011flananlardan biri oldu. Ama \u015fikayet\u00e7i de\u011filim. Lefko\u015fa\nortak ihtiya\u00e7tan kaynaklanan bir kanalizasyon \u015febekesine sahip oldu. Kanalizasyon\nderken unutulmas\u0131n, Lefko\u015fa Surlari\u00e7i\u2019nin bas\u0131n\u00e7l\u0131 suya kavu\u015fmas\u0131 da bu sayede\noldu. Yeni su \u015febekesi d\u00f6\u015fendi ve bas\u0131n\u00e7l\u0131 su ilk defa 1986 y\u0131l\u0131nda Lefko\u015fa\nsurlar i\u00e7i b\u00f6lgesine bu proje ile geldi. Ondan sonra da Lefko\u015fa \u0130mar Plan\u0131 Projesi\u2019ne\nge\u00e7tik. Kanalizasyonda ba\u015far\u0131l\u0131 oldu\u011fumuzu g\u00f6r\u00fcnce \u0130mar Plan\u0131 Projesi\u2019ni de\nhaz\u0131rlad\u0131k.<\/p>\n\n\n\n<p><strong>\u201cBu d\u00f6nemde bir tak\u0131m ilkler\nya\u015fand\u0131\u2026\u201d<\/strong><\/p>\n\n\n\n<p><strong><em>1976 y\u0131l\u0131nda Lefko\u015fa\nT\u00fcrk Belediyesi Ba\u015fkanl\u0131\u011f\u0131\u2019na se\u00e7ildi\u011finizde 28 ya\u015f\u0131ndayd\u0131n\u0131z, bu g\u00f6revi 14 y\u0131l\nboyunca kesintisiz s\u00fcrd\u00fcrd\u00fcn\u00fcz. Geriye d\u00f6n\u00fcp bakt\u0131\u011f\u0131n\u0131zda bu 14 y\u0131l\u0131 nas\u0131l\nde\u011ferlendirirsiniz? <\/em><\/strong><\/p>\n\n\n\n<p><strong><em>M. Ak\u0131nc\u0131:<\/em><\/strong> Benim gen\u00e7lik y\u0131llar\u0131m Lefko\u015fa\nBelediyesi\u2019nde ge\u00e7ti. 28 ya\u015f\u0131nda girip, 42 ya\u015f\u0131ma kadar bu g\u00f6revi yapt\u0131m.\nGeriye bakt\u0131\u011f\u0131mda, bu g\u00f6revi y\u00fcr\u00fctt\u00fc\u011f\u00fcme hi\u00e7 pi\u015fman de\u011filim. \u00d6yle inan\u0131yorum ki,\nbu 14 y\u0131l i\u00e7erisinde Lefko\u015fa\u2019ya ciddi hizmetler verildi. Beni 3 d\u00f6nem se\u00e7en\nLefko\u015fa halk\u0131na m\u00fcte\u015fekkirim. Bu 14 y\u0131lda K\u0131br\u0131s T\u00fcrk Belediyeler Birli\u011fi\nkuruldu. Kurucu Ba\u015fkan olmak \u015ferefi bana nasip oldu. Lefko\u015fa Kanalizasyon\nProjesi ba\u015flad\u0131. Lefko\u015fa \u0130mar Plan\u0131 yap\u0131ld\u0131. \u00c7e\u015fitli tarihi eserler restore\nedilmeye ba\u015fland\u0131. Bunlardan biri de Belediyeler Birli\u011fi\u2019nin hala kulland\u0131\u011f\u0131\nbinas\u0131d\u0131r. Lefko\u015fa Belediye Tiyatrosu kuruldu. Bunun gibi daha s\u00f6yleyebilece\u011fim\nbir\u00e7ok \u015fey var. Belediyeler Birli\u011fi alt\u0131nda Ekmek \u00dcretim Tesisleri kurduk.\nK\u0131br\u0131s\u2019ta ekmekler d\u00fczeldiyse bu sayede oldu. Ki, art\u0131k ekmek sorunu\nya\u015fanm\u0131yor. \u00d6yle bir g\u00fcndem yok. Eskiden her g\u00fcn g\u00fcndemdi. O d\u00f6nemlerin\ngazetelerine bakacak olursan\u0131z man\u015fetlerde ya Kanl\u0131dere ya da ekmek sorunu\nvard\u0131. Ekmeklerin i\u00e7inden kirli maddeler \u00e7\u0131k\u0131yordu. Ekmekler yenemeyecek\nderecedeydi. Kara f\u0131r\u0131n d\u00f6neminden bahsediyorum. Ekmeklerin alt\u0131 simsiyah\n\u00e7\u0131k\u0131yordu. \u00c7\u00fcnk\u00fc f\u0131r\u0131nlar mazotla \u0131s\u0131t\u0131l\u0131yordu. Mazot p\u00fcsk\u00fcrtmesinden dolay\u0131\nekmeklerin alt\u0131 simsiyah oluyor, bu da kanserojen madde i\u00e7eriyordu. Belediyeler\nBirli\u011fi Lefko\u015fa, Ma\u011fusa, Girne ve G\u00fczelyurt\u2019ta 4 tane indirekt \u0131s\u0131tmal\u0131 modern\nf\u0131r\u0131nlar kurdu. \u015eimdi art\u0131k bu f\u0131r\u0131nlar yok ancak g\u00f6revini, \u00f6nc\u00fcl\u00fc\u011f\u00fcn\u00fc yapt\u0131\u011f\u0131\nkanaatindeyim. Ve \u00fclkede ekmekler sa\u011fl\u0131kl\u0131 bir \u015fekilde \u00fcretilmeye ba\u015fland\u0131. O\nstandart art\u0131k yakaland\u0131. Bu 14 y\u0131lda, bir de Lefko\u015fa\u2019da Belediye Otob\u00fcs Te\u015fkilat\u0131\nkurmu\u015ftuk. 22 ki\u015filik, 14 arac\u0131m\u0131z vard\u0131. Bunlar belediye hudutlar\u0131 dahilinde\nta\u015f\u0131mac\u0131l\u0131k yap\u0131yorlard\u0131. Bu d\u00f6nemde bir tak\u0131m ilkler ya\u015fand\u0131. Dolay\u0131s\u0131yla bu\n14 y\u0131l\u0131n Lefko\u015fa halk\u0131na ve Belediyeler Birli\u011fi \u00e7er\u00e7evesinde de K\u0131br\u0131s T\u00fcrk\nhalk\u0131na \u00f6nemli hizmetler verildi\u011fi kanaatindeyim. &nbsp;<\/p>\n\n\n\n<p><strong>\u201cBelediyelerin daha da\ng\u00fc\u00e7lendirilmesi, yetkilerinin de gelirlerinin de daha fazla art\u0131r\u0131lmas\u0131\ngerekti\u011fini d\u00fc\u015f\u00fcn\u00fcyorum\u2026\u201d <\/strong><\/p>\n\n\n\n<p><strong><em>O d\u00f6nemdeki ve \u015fimdiki\nbelediyecili\u011fe bakacak olursak neler s\u00f6ylemek istersiniz? D\u00fcn\u00fc ve bug\u00fcn\u00fc hi\u00e7\nk\u0131yasl\u0131yor musunuz? Neler \u00f6nerirsiniz?<\/em><\/strong><\/p>\n\n\n\n<p><strong><em>M. Ak\u0131nc\u0131:<\/em><\/strong> O d\u00f6nemde yetkiler, kaynaklar ve\nkadrolar daha yetersizdi. Mesela benim d\u00f6nemimde Emlak Vergisi diye bir \u015fey\nyoktu. Lefko\u015fa\u2019da su gelirleri belediyeye ba\u011fl\u0131 de\u011fildi. \u0130ki tane \u00f6nemli gelir.\nBunlar s\u00f6z konusu bile de\u011fildi. \u015eimdi Emlak Vergisi toplanmaya ba\u015fland\u0131. Belki yine\nyeterli de\u011fildir. Orada bir d\u00fczenleme yap\u0131lmas\u0131 gerekti\u011fi kanaatindeyim. Su\ngelirleri belediyeler i\u00e7in \u00f6nemli. Ama yine de belediyelerin sorunlar\u0131 bitmi\u015f\nde\u011fil. K\u00f6ylerin belediye s\u0131n\u0131rlar\u0131 i\u00e7ine dahil edilmi\u015f olmas\u0131, o k\u00f6ylere\nhizmetlerin gitmesini sa\u011flad\u0131. G\u00f6zlemledi\u011fim kadar\u0131yla, bu y\u00f6relere belediyelere\nba\u011fl\u0131 de\u011filken daha az hizmet gidiyordu. Bu da k\u00f6ylerde belli bir fark getirdi.\nYeterli midir peki? De\u011fil&#8230; Belediyelerin daha da g\u00fc\u00e7lendirilmesi, yetkilerinin\nde gelirlerinin de daha fazla art\u0131r\u0131lmas\u0131 gerekti\u011fini d\u00fc\u015f\u00fcn\u00fcyorum. <\/p>\n\n\n\n<p><strong>\u201cYerel y\u00f6netimler ne kadar g\u00fc\u00e7l\u00fc,\nyetkili ve gelirleri iyi olursa, halk\u0131n sorunlar\u0131 da o kadar kolay \u00e7\u00f6z\u00fcl\u00fcr.\nMasa ba\u015f\u0131nda, k\u00e2\u011f\u0131t \u00fcst\u00fcnde reform olmaz\u2026\u201d <\/strong><\/p>\n\n\n\n<p><strong><em>Belediyeler Reformu ile\nilgili \u00e7al\u0131\u015fmalar g\u00fcndemde biliyorsunuz&#8230; Sizce bu reform nas\u0131l olmal\u0131? \u201cEsasl\u0131\nbir reform\u201d i\u00e7in en ba\u015fta \u015fart olan nedir?<\/em><\/strong><\/p>\n\n\n\n<p><strong>M. Ak\u0131nc\u0131:<\/strong> \u201cEsasl\u0131 bir reform\u201d i\u00e7in en ba\u015fta\nyerel y\u00f6netim kavram\u0131n\u0131n do\u011fru anla\u015f\u0131lmas\u0131 ve yerinden hizmetin ne kadar \u00f6nemli\noldu\u011funun merkezi y\u00f6netimler taraf\u0131ndan iyice kavranmas\u0131 gerekmektedir. Yerel\ny\u00f6netimler ne kadar g\u00fc\u00e7l\u00fc, yetkili ve gelirleri iyi olursa, halk\u0131n sorunlar\u0131 da\no kadar kolay \u00e7\u00f6z\u00fcl\u00fcr. Sorunu \u00e7\u00f6z\u00fclm\u00fc\u015f halk, merkezi y\u00f6netimin ba\u015f\u0131n\u0131 daha az\na\u011fr\u0131t\u0131r. Bu i\u015fin kural\u0131 budur. Bu anlay\u0131\u015f\u0131n geli\u015ftirilmesi laz\u0131m\u2026 Reform, illa\nki belediyelerin say\u0131lar\u0131n\u0131n belli bir noktaya \u00e7ekilmesi mi? Say\u0131ca azaltmak m\u0131?\nO konuda emin de\u011filim. Bunun \u00e7ok iyi tart\u0131\u015f\u0131lmas\u0131 laz\u0131m. Birle\u015febilecek belediyeler\nvar. \u00c7ok yak\u0131n, i\u00e7 i\u00e7e. Onlar\u0131n daha b\u00fcy\u00fck bir \u00e7at\u0131 alt\u0131nda birle\u015fmesi m\u00fcmk\u00fcn\nolabilir. Ancak birbirinden uzak beldelerin de t\u0131pk\u0131 k\u00f6yler gibi, belediyelerin\nalt\u0131na y\u0131\u011f\u0131ld\u0131\u011f\u0131 \u015fekilde bir birle\u015fme s\u0131k\u0131nt\u0131 yaratabilir. Bunlar\u0131n ba\u015fkanlar, meclis\n\u00fcyeleri ve en \u00f6nemlisi belde halklar\u0131yla konu\u015fularak yap\u0131lmas\u0131 gerekir. Belde\nhalk\u0131n\u0131 belediyesine yabanc\u0131la\u015ft\u0131rmamak laz\u0131m. Yani masa ba\u015f\u0131nda, k\u00e2\u011f\u0131t \u00fcst\u00fcnde\nreform olmaz. Yerinde, mahalline, beldesine giderek, konu\u015farak, anlayarak\nreformlar yap\u0131l\u0131rsa anlaml\u0131 olabilir. Oturup da \u201csay\u0131y\u0131 5\u2019e indirece\u011fiz ya da\nsay\u0131 7 olacak\u201d \u015feklinde yakla\u015f\u0131mlar do\u011fru olmayabilir. Ters tepebilir. Bunun\n\u00e7ok iyi d\u00fc\u015f\u00fcn\u00fcl\u00fcp tart\u0131\u015f\u0131lmas\u0131n\u0131 \u00f6neririm. Ortak hizmetleri Belediyeler Birli\u011fi\narac\u0131l\u0131\u011f\u0131yla yapmak da m\u00fcmk\u00fcn. Zaten Ortak Ara\u00e7 Park\u0131 var. Bu, benim d\u00f6nemimde\nyapmak istedi\u011fim ancak ger\u00e7ekle\u015ftirme f\u0131rsat\u0131 bulamad\u0131\u011f\u0131m\u0131z bir \u015feydi. Biz o\nzaman sadece ortak al\u0131mlar yap\u0131yorduk. \u00c7\u00f6p bidonlar\u0131, amp\u00fcller, gibi, daha\nsonraki y\u0131llarda \u00e7ocuk oyun parklar\u0131 i\u00e7in oyun gruplar\u0131n\u0131n sa\u011fland\u0131\u011f\u0131n\u0131 an\u0131ms\u0131yorum.\nOrtakla\u015fa yap\u0131labilecek bir tak\u0131m i\u015fler vard\u0131r ve bunlar yap\u0131labilir. &nbsp;&nbsp;<\/p>\n\n\n\n<p><strong>\u201c\u0130ki b\u00f6lgede, iki kurucu devletin\nkendi belediyeleri olaca\u011f\u0131 a\u015fik\u00e2rd\u0131r\u2026\u201d<\/strong><\/p>\n\n\n\n<p><strong><em>Peki, K\u0131br\u0131s\u2019ta olas\u0131\nbir anla\u015fmada belediyecilik nas\u0131l olacak?&nbsp;\nMerkezi yap\u0131lanma ile yerel yap\u0131lanmada bir parallelik olur mu? <\/em><\/strong><\/p>\n\n\n\n<p><strong><em>M. Ak\u0131nc\u0131: <\/em><\/strong>&nbsp;1960-1963\u2019te Belediyeler konusunda \u00e7ok sorun\noldu. Bu defa en az sorun yaratmas\u0131n\u0131 bekledi\u011fim bir aland\u0131r. \u00c7\u00fcnk\u00fc art\u0131k\nco\u011frafi zemin var. 1960\u2019ta o yoktu. T\u00fcrk ve Rum Belediyelerinden bahsediyorduk ama\nn\u00fcfus baz\u0131 alanlarda kar\u0131\u015f\u0131kt\u0131. Belediyelerin s\u0131n\u0131rlar\u0131n\u0131n \u00e7izilmesi bile b\u00fcy\u00fck\nsorunlara neden olmu\u015ftu. \u015eimdi art\u0131k co\u011frafi zemin s\u00f6z konusu\u2026 \u0130ki b\u00f6lgede, iki\nkurucu devletin kendi belediyeleri olaca\u011f\u0131 a\u015fik\u00e2rd\u0131r. Olmayan, ve \u015fu anda\nyap\u0131lamayan i\u015fbirli\u011fi\u2026&nbsp; Bir tek Lefko\u015fa\u2019da,\no da s\u0131n\u0131rl\u0131 alanlarda. Belki gelecekte Ma\u011fusa\u2019da da iki belediye aras\u0131nda yeni\ni\u015fbirlikleri olabilecek. \u0130ki Taraf\u0131n Belediye Birlikleri aras\u0131nda i\u015fbirlikleri\nolabilecek. Bunlar\u0131n bir araya gelip, i\u015fbirli\u011fi yapmas\u0131 son derece do\u011fal\nolacak. Bunun yan\u0131nda, Lefko\u015fa\u2019da daha farkl\u0131 anlay\u0131\u015flar da geli\u015ftirilebilir.\n\u0130\u015fbirli\u011finin boyutlar\u0131 \u015fu andakinden \u00e7ok daha y\u00fcksek bir noktaya ta\u015f\u0131nabilir\ndiye de\u011ferlendiriyorum. Ben yine Lefko\u015fa\u2019da kendi b\u00f6lgelerinde iki belediyenin\nolaca\u011f\u0131n\u0131 \u00f6ng\u00f6rebiliyorum. Aralar\u0131ndaki i\u015fbirli\u011finin artaca\u011f\u0131n\u0131 \u00f6ng\u00f6rebiliriz.\nBu da iyi bir \u015fey olacak diye d\u00fc\u015f\u00fcn\u00fcyorum.<\/p>\n\n\n\n<p><strong>\u201cHalk\ndenetlemeli\u201d<\/strong><\/p>\n\n\n\n<p><strong><em>Son olarak yerel\ny\u00f6netimler konusunda nas\u0131l bir mesaj vermek ya da neye vurgu yapmak istersiniz?<\/em><\/strong><\/p>\n\n\n\n<p><strong><em>M. Ak\u0131nc\u0131:<\/em><\/strong> Yerel y\u00f6netimler muhtarl\u0131ktan\nba\u015flayarak, muhtar, aza, belediye meclis \u00fcyeli\u011fi, belediye ba\u015fkanl\u0131\u011f\u0131 halka en\nyak\u0131n oland\u0131r. S\u00fcrekli halk\u0131n i\u00e7inde, halk\u0131n dertleriyle ha\u015f\u0131r ne\u015fir olan,\nhalk\u0131 en iyi tan\u0131yan\u2026 Onlar\u0131 ne kadar g\u00fc\u00e7lendirirsek, halka o kadar \u00e7ok hizmet\nvermelerini sa\u011flar\u0131z. Ve biraz \u00f6nce de s\u00f6yledi\u011fim gibi, merkezin sorunlar\u0131n\u0131\nhafifletiriz. Demokrasiye de ciddi bir katk\u0131m\u0131z olur. \u00c7\u00fcnk\u00fc yerel y\u00f6netim demek,\ndemokrasinin be\u015fi\u011fi demektir. O nedenle, benim yerel y\u00f6netimler konusunda\nverebilece\u011fim mesaj, halk\u0131n yerel y\u00f6netimlerine daha \u00e7ok sahip \u00e7\u0131kmas\u0131, hem\nonlar\u0131 se\u00e7erken dikkatli olmas\u0131, hem de se\u00e7tikten sonra i\u015fbirli\u011fi i\u00e7inde, yerel\ny\u00f6netimini denetleyerek, daha iyi hizmet vermesini temin etmesi gerekir. Halk\u0131n\nda \u00fczerine d\u00fc\u015fen b\u00f6yle bir g\u00f6rev vard\u0131r. Halktan yetki al\u0131p g\u00f6reve gelenlerin\nde halka hizmet borcu oldu\u011funun ve halklar\u0131yla dayan\u0131\u015fma i\u00e7erisinde, bu g\u00f6revi\nifa etmeleri, halktan hi\u00e7bir zaman kopmamalar\u0131 ve masa ba\u015f\u0131 belediyecili\u011fi\nyapmamalar\u0131 gerekti\u011fini d\u00fc\u015f\u00fcn\u00fcyorum. \u00c7o\u011fu yerde g\u00f6r\u00fcyorum, ba\u015fkanlar, muhtarlar\nhalk\u0131n aras\u0131nda. Meclis \u00fcyelerinin \u00e7o\u011funlu\u011fu da \u00f6yle\u2026 Bu \u015fekilde olunca\nhalk\u0131m\u0131z\u0131n sorunlar\u0131n\u0131n daha da iyi \u015fekilde \u00e7\u00f6z\u00fclece\u011fini \u00f6ng\u00f6rebiliriz. &nbsp;Son olarak Belediyeler Birli\u011fi\u2019nin de her 3\nayda bir dergi \u00e7\u0131karma karar\u0131n\u0131 kutluyorum. Bu dergiye ba\u015far\u0131lar ve uzun\n\u00f6m\u00fcrler diliyorum\u2026 &nbsp;<\/p>\n","protected":false},"excerpt":{"rendered":"<p>Mustafa AKINCI KKTC Cumhurba\u015fkan\u0131&nbsp;&nbsp;&nbsp;&nbsp;&nbsp;&nbsp;&nbsp;&nbsp;&nbsp;&nbsp;&nbsp;&nbsp;&nbsp;&nbsp;&nbsp;&nbsp;&nbsp;&nbsp;&nbsp;&nbsp;&nbsp;&nbsp;&nbsp;&nbsp;&nbsp;&nbsp;&nbsp;&nbsp;&nbsp;&nbsp;&nbsp;&nbsp;&nbsp;&nbsp;&nbsp;&nbsp;&nbsp;&nbsp;&nbsp;&nbsp;&nbsp;&nbsp;&nbsp;&nbsp;&nbsp;&nbsp;&nbsp;&nbsp;&nbsp;&nbsp;&nbsp;&nbsp;&nbsp;&nbsp;&nbsp;&nbsp;&nbsp;&nbsp; \u201cYerel y\u00f6netim, demokrasinin be\u015fi\u011fi demektir\u201d Cumhurba\u015fkan\u0131m\u0131z, [&hellip;]<\/p>\n","protected":false},"author":9,"featured_media":6730,"comment_status":"open","ping_status":"closed","sticky":false,"template":"","format":"standard","meta":{"footnotes":""},"categories":[1],"tags":[],"class_list":["post-6719","post","type-post","status-publish","format-standard","has-post-thumbnail","hentry","category-birlikten-haberler"],"_links":{"self":[{"href":"https:\/\/ktbb.org\/v1\/wp-json\/wp\/v2\/posts\/6719","targetHints":{"allow":["GET"]}}],"collection":[{"href":"https:\/\/ktbb.org\/v1\/wp-json\/wp\/v2\/posts"}],"about":[{"href":"https:\/\/ktbb.org\/v1\/wp-json\/wp\/v2\/types\/post"}],"author":[{"embeddable":true,"href":"https:\/\/ktbb.org\/v1\/wp-json\/wp\/v2\/users\/9"}],"replies":[{"embeddable":true,"href":"https:\/\/ktbb.org\/v1\/wp-json\/wp\/v2\/comments?post=6719"}],"version-history":[{"count":7,"href":"https:\/\/ktbb.org\/v1\/wp-json\/wp\/v2\/posts\/6719\/revisions"}],"predecessor-version":[{"id":6739,"href":"https:\/\/ktbb.org\/v1\/wp-json\/wp\/v2\/posts\/6719\/revisions\/6739"}],"wp:featuredmedia":[{"embeddable":true,"href":"https:\/\/ktbb.org\/v1\/wp-json\/wp\/v2\/media\/6730"}],"wp:attachment":[{"href":"https:\/\/ktbb.org\/v1\/wp-json\/wp\/v2\/media?parent=6719"}],"wp:term":[{"taxonomy":"category","embeddable":true,"href":"https:\/\/ktbb.org\/v1\/wp-json\/wp\/v2\/categories?post=6719"},{"taxonomy":"post_tag","embeddable":true,"href":"https:\/\/ktbb.org\/v1\/wp-json\/wp\/v2\/tags?post=6719"}],"curies":[{"name":"wp","href":"https:\/\/api.w.org\/{rel}","templated":true}]}}