{"id":6968,"date":"2020-01-13T09:18:27","date_gmt":"2020-01-13T09:18:27","guid":{"rendered":"http:\/\/ktbb.org\/v1\/?p=6968"},"modified":"2020-01-13T09:18:29","modified_gmt":"2020-01-13T09:18:29","slug":"ozcinar-ankaraya-davet-edildi","status":"publish","type":"post","link":"https:\/\/ktbb.org\/v1\/ozcinar-ankaraya-davet-edildi\/","title":{"rendered":"\u00d6z\u00e7\u0131nar Ankara\u2019ya davet edildi"},"content":{"rendered":"\n<p>K. T. Belediyeler Birli\u011fi ve G\u00fczelyurt\nBelediye Ba\u015fkan\u0131 Mahmut \u00d6z\u00e7\u0131nar, ald\u0131\u011f\u0131 davet \u00fczerine yar\u0131n sabah Ankara\u2019ya\ngidiyor. <\/p>\n\n\n\n<p>Mahmut \u00d6z\u00e7\u0131nar, Ankara\u2019da T\u00fcrkiye Cumhuriyeti\nCumhurba\u015fkanl\u0131\u011f\u0131 himayelerinde ger\u00e7ekle\u015ftirilecek olan kongreye kat\u0131lacak.<\/p>\n\n\n\n<p>K. T. Belediyeler Birli\u011fi Genel Koordinat\u00f6r\u00fc H\u00fcseyin K\u00f6le\u2019nin de e\u015flik edece\u011fi \u00d6z\u00e7\u0131nar\u2019\u0131n kat\u0131laca\u011f\u0131, Ak\u0131ll\u0131 \u015eehirler ve Belediyeler Kongre ve Sergisi, ATO Congresium\u2019da 15-16 Ocak\u2019ta ger\u00e7ekle\u015ftirilecek.<\/p>\n\n\n\n<figure class=\"wp-block-gallery columns-1 is-cropped wp-block-gallery-1 is-layout-flex wp-block-gallery-is-layout-flex\"><ul class=\"blocks-gallery-grid\"><li class=\"blocks-gallery-item\"><figure><img decoding=\"async\" width=\"1024\" height=\"683\" src=\"http:\/\/ktbb.org\/v1\/wp-content\/uploads\/2020\/01\/mahmut-ozcinar-huseyin-kole-1024x683.jpg\" alt=\"\" data-id=\"6969\" data-full-url=\"http:\/\/ktbb.org\/v1\/wp-content\/uploads\/2020\/01\/mahmut-ozcinar-huseyin-kole-scaled.jpg\" data-link=\"http:\/\/ktbb.org\/v1\/?attachment_id=6969\" class=\"wp-image-6969\" srcset=\"https:\/\/ktbb.org\/v1\/wp-content\/uploads\/2020\/01\/mahmut-ozcinar-huseyin-kole-200x133.jpg 200w, https:\/\/ktbb.org\/v1\/wp-content\/uploads\/2020\/01\/mahmut-ozcinar-huseyin-kole-300x200.jpg 300w, https:\/\/ktbb.org\/v1\/wp-content\/uploads\/2020\/01\/mahmut-ozcinar-huseyin-kole-400x267.jpg 400w, https:\/\/ktbb.org\/v1\/wp-content\/uploads\/2020\/01\/mahmut-ozcinar-huseyin-kole-600x400.jpg 600w, https:\/\/ktbb.org\/v1\/wp-content\/uploads\/2020\/01\/mahmut-ozcinar-huseyin-kole-768x512.jpg 768w, https:\/\/ktbb.org\/v1\/wp-content\/uploads\/2020\/01\/mahmut-ozcinar-huseyin-kole-800x533.jpg 800w, https:\/\/ktbb.org\/v1\/wp-content\/uploads\/2020\/01\/mahmut-ozcinar-huseyin-kole-1024x683.jpg 1024w, https:\/\/ktbb.org\/v1\/wp-content\/uploads\/2020\/01\/mahmut-ozcinar-huseyin-kole-1200x800.jpg 1200w, https:\/\/ktbb.org\/v1\/wp-content\/uploads\/2020\/01\/mahmut-ozcinar-huseyin-kole-1536x1024.jpg 1536w, https:\/\/ktbb.org\/v1\/wp-content\/uploads\/2020\/01\/mahmut-ozcinar-huseyin-kole-scaled.jpg 2560w\" sizes=\"(max-width: 1024px) 100vw, 1024px\" \/><\/figure><\/li><\/ul><\/figure>\n\n\n\n<p>Kongrenin a\u00e7\u0131l\u0131\u015f konu\u015fmas\u0131n\u0131 T. C.\nCumhurba\u015fkan\u0131 Recep Tayyip Erdo\u011fan yapacak. <\/p>\n\n\n\n<p>T. C. \u00c7evre ve \u015eehircilik Bakan\u0131 Murat\nKurum, T.C. Sanayi ve Teknoloji Bakan\u0131 Mustafa Varank ile T\u00fcrkiye Belediyeler\nBirli\u011fi ve Gaziantep B\u00fcy\u00fck\u015fehir Belediye Ba\u015fkan\u0131 Fatma \u015eahin\u2019in de a\u00e7\u0131l\u0131\u015f\nkonu\u015fmalar\u0131n\u0131n yer alaca\u011f\u0131 kongrede, T\u00fcrkiye\u2019deki B\u00fcy\u00fck\u015fehir Belediye\nBa\u015fkanlar\u0131 yan\u0131nda, yabanc\u0131 \u00fclkelerden konu\u015fmac\u0131lar da yer alacak.<\/p>\n\n\n\n<p>Mahmut \u00d6z\u00e7\u0131nar, Ankara\u2019da bulundu\u011fu s\u00fcre\ni\u00e7erisinde baz\u0131 temaslar da ger\u00e7ekle\u015ftirecek.<\/p>\n","protected":false},"excerpt":{"rendered":"<p>K. T. Belediyeler Birli\u011fi ve G\u00fczelyurt Belediye Ba\u015fkan\u0131 Mahmut \u00d6z\u00e7\u0131nar, [&hellip;]<\/p>\n","protected":false},"author":9,"featured_media":6970,"comment_status":"open","ping_status":"closed","sticky":false,"template":"","format":"standard","meta":{"footnotes":""},"categories":[1],"tags":[],"class_list":["post-6968","post","type-post","status-publish","format-standard","has-post-thumbnail","hentry","category-birlikten-haberler"],"_links":{"self":[{"href":"https:\/\/ktbb.org\/v1\/wp-json\/wp\/v2\/posts\/6968","targetHints":{"allow":["GET"]}}],"collection":[{"href":"https:\/\/ktbb.org\/v1\/wp-json\/wp\/v2\/posts"}],"about":[{"href":"https:\/\/ktbb.org\/v1\/wp-json\/wp\/v2\/types\/post"}],"author":[{"embeddable":true,"href":"https:\/\/ktbb.org\/v1\/wp-json\/wp\/v2\/users\/9"}],"replies":[{"embeddable":true,"href":"https:\/\/ktbb.org\/v1\/wp-json\/wp\/v2\/comments?post=6968"}],"version-history":[{"count":1,"href":"https:\/\/ktbb.org\/v1\/wp-json\/wp\/v2\/posts\/6968\/revisions"}],"predecessor-version":[{"id":6971,"href":"https:\/\/ktbb.org\/v1\/wp-json\/wp\/v2\/posts\/6968\/revisions\/6971"}],"wp:featuredmedia":[{"embeddable":true,"href":"https:\/\/ktbb.org\/v1\/wp-json\/wp\/v2\/media\/6970"}],"wp:attachment":[{"href":"https:\/\/ktbb.org\/v1\/wp-json\/wp\/v2\/media?parent=6968"}],"wp:term":[{"taxonomy":"category","embeddable":true,"href":"https:\/\/ktbb.org\/v1\/wp-json\/wp\/v2\/categories?post=6968"},{"taxonomy":"post_tag","embeddable":true,"href":"https:\/\/ktbb.org\/v1\/wp-json\/wp\/v2\/tags?post=6968"}],"curies":[{"name":"wp","href":"https:\/\/api.w.org\/{rel}","templated":true}]}}