{"id":6981,"date":"2020-01-14T08:09:58","date_gmt":"2020-01-14T08:09:58","guid":{"rendered":"http:\/\/ktbb.org\/v1\/?p=6981"},"modified":"2020-01-14T08:09:59","modified_gmt":"2020-01-14T08:09:59","slug":"degirmenlik-belediye-baskani-karavezirler-birincilere-odullerini-verdi","status":"publish","type":"post","link":"https:\/\/ktbb.org\/v1\/degirmenlik-belediye-baskani-karavezirler-birincilere-odullerini-verdi\/","title":{"rendered":"De\u011firmenlik Belediye Ba\u015fkan\u0131 Karavezirler birincilere \u00f6d\u00fcllerini verdi"},"content":{"rendered":"\n<p>\u201cK\u0131br\u0131s T\u00fcrk\n\u00d6zg\u00fcrl\u00fck M\u00fccadelesi\u201d konulu bilgi yar\u0131\u015fmas\u0131 d\u00fcn (13.01.2020) Cihangir-D\u00fczova\n\u0130lkokulu\u2019nda yap\u0131ld\u0131. <\/p>\n\n\n\n<p>4\u2019\u00fcnc\u00fc ve\n5\u2019inci s\u0131n\u0131f \u00f6\u011frencilerinin kat\u0131ld\u0131\u011f\u0131 yar\u0131\u015fmada \u00e7ocuklara 10 soru sorulurken, \u00f6\u011frencilerin\nba\u015far\u0131l\u0131 olmalar\u0131ndan dolay\u0131 yedek sorulara da ge\u00e7ildi. <\/p>\n\n\n\n<p>De\u011firmenlik\nBelediye Ba\u015fkan\u0131 Ali Karavezirler\u2019in de izledi\u011fi yar\u0131\u015fmada \u201cM\u00fccadele Masas\u0131\u201d\u0131\nbirincili\u011fi, \u201cBar\u0131\u015f Masas\u0131\u201d ikincili\u011fi, \u201cK\u0131br\u0131s Masas\u0131\u201d \u00fc\u00e7\u00fcnc\u00fcl\u00fc\u011f\u00fc ve \u201c\u00d6zg\u00fcrl\u00fck\nMasas\u0131\u201d d\u00f6rd\u00fcnc\u00fcl\u00fck \u00f6d\u00fcl\u00fcn\u00fc ald\u0131. <\/p>\n\n\n\n<p>De\u011firmenlik\nBelediye Ba\u015fkan\u0131 Ali Karavezirler birincilerin \u00f6d\u00fcllerini verirken, \u00e7ocuklar\u0131\nba\u015far\u0131lar\u0131ndan dolay\u0131 kutlad\u0131.<\/p>\n\n\n\n<p>\u0130ngiliz\nd\u00f6neminden g\u00fcn\u00fcm\u00fcze dek K\u0131br\u0131sl\u0131 T\u00fcrklerin adadaki varolu\u015f m\u00fccadelesini,\nya\u015fant\u0131lar\u0131n\u0131 ve ya\u015fanan siyasi geli\u015fmeleri konu alan yar\u0131\u015fmada, K\u0131br\u0131sl\u0131 T\u00fcrk\nLiderler Dr. Faz\u0131l K\u00fc\u00e7\u00fck ve Rauf Raif Denkta\u015f\u2019\u0131n hayat\u0131ndan kesitleri i\u00e7eren 2\nayr\u0131 belgesel de izletildi. <\/p>\n\n\n\n<p>Ba\u015fkan Ali\nKaravezirler, Cihangir-D\u00fczova \u0130lkokulu M\u00fcd\u00fcr\u00fc Erhan Ceylanl\u0131 ve t\u00fcm okul\n\u00f6\u011fretmenlerini de tebrik ederken, tarihin \u00f6\u011fretilmesi a\u00e7\u0131s\u0131ndan bu tarz\nyar\u0131\u015fmalar\u0131n \u00e7ok \u00f6nemli oldu\u011funun alt\u0131n\u0131 \u00e7izdi. <\/p>\n","protected":false},"excerpt":{"rendered":"<p>\u201cK\u0131br\u0131s T\u00fcrk \u00d6zg\u00fcrl\u00fck M\u00fccadelesi\u201d konulu bilgi yar\u0131\u015fmas\u0131 d\u00fcn (13.01.2020) Cihangir-D\u00fczova [&hellip;]<\/p>\n","protected":false},"author":9,"featured_media":6982,"comment_status":"open","ping_status":"closed","sticky":false,"template":"","format":"standard","meta":{"footnotes":""},"categories":[9],"tags":[],"class_list":["post-6981","post","type-post","status-publish","format-standard","has-post-thumbnail","hentry","category-uyelerimizin-haberleri"],"_links":{"self":[{"href":"https:\/\/ktbb.org\/v1\/wp-json\/wp\/v2\/posts\/6981","targetHints":{"allow":["GET"]}}],"collection":[{"href":"https:\/\/ktbb.org\/v1\/wp-json\/wp\/v2\/posts"}],"about":[{"href":"https:\/\/ktbb.org\/v1\/wp-json\/wp\/v2\/types\/post"}],"author":[{"embeddable":true,"href":"https:\/\/ktbb.org\/v1\/wp-json\/wp\/v2\/users\/9"}],"replies":[{"embeddable":true,"href":"https:\/\/ktbb.org\/v1\/wp-json\/wp\/v2\/comments?post=6981"}],"version-history":[{"count":1,"href":"https:\/\/ktbb.org\/v1\/wp-json\/wp\/v2\/posts\/6981\/revisions"}],"predecessor-version":[{"id":6983,"href":"https:\/\/ktbb.org\/v1\/wp-json\/wp\/v2\/posts\/6981\/revisions\/6983"}],"wp:featuredmedia":[{"embeddable":true,"href":"https:\/\/ktbb.org\/v1\/wp-json\/wp\/v2\/media\/6982"}],"wp:attachment":[{"href":"https:\/\/ktbb.org\/v1\/wp-json\/wp\/v2\/media?parent=6981"}],"wp:term":[{"taxonomy":"category","embeddable":true,"href":"https:\/\/ktbb.org\/v1\/wp-json\/wp\/v2\/categories?post=6981"},{"taxonomy":"post_tag","embeddable":true,"href":"https:\/\/ktbb.org\/v1\/wp-json\/wp\/v2\/tags?post=6981"}],"curies":[{"name":"wp","href":"https:\/\/api.w.org\/{rel}","templated":true}]}}